{"id":38705,"date":"2026-04-25T08:47:02","date_gmt":"2026-04-25T15:47:02","guid":{"rendered":"https:\/\/www.triathloncanada.com\/?p=38705"},"modified":"2026-04-25T08:48:01","modified_gmt":"2026-04-25T15:48:01","slug":"charles-paquet-decroche-le-premier-podium-de-sa-carriere-dans-la-serie-des-championnats-du-monde-de-triathlon-en-remportant-la-medaille-de-bronze-a-samarcande","status":"publish","type":"post","link":"https:\/\/www.triathloncanada.com\/fr\/charles-paquet-decroche-le-premier-podium-de-sa-carriere-dans-la-serie-des-championnats-du-monde-de-triathlon-en-remportant-la-medaille-de-bronze-a-samarcande\/","title":{"rendered":"Charles Paquet d\u00e9croche le premier podium de sa carri\u00e8re dans la S\u00e9rie des Championnats du monde de triathlon en remportant la m\u00e9daille de bronze \u00e0 Samarcande"},"content":{"rendered":"<p><strong>SAMARKAND, Ouzb\u00e9kistan \u2014 <\/strong>Le Canadien Charles Paquet a r\u00e9alis\u00e9 une performance exceptionnelle samedi, d\u00e9crochant son premier podium en carri\u00e8re dans la S\u00e9rie des Championnats du monde de triathlon (WTCS) gr\u00e2ce \u00e0 une m\u00e9daille de bronze \u00e2prement disput\u00e9e \u00e0 Samarkand, en Ouzb\u00e9kistan.<\/p>\n<p>Paquet, 29 ans, a r\u00e9alis\u00e9 une course parfaite face \u00e0 un plateau de classe mondiale, franchissant la ligne d\u2019arriv\u00e9e en 1 h 43 min 31 s apr\u00e8s un sprint final spectaculaire. Le Portugais Vasco Vilaca a remport\u00e9 l\u2019or (1 h 43 min 43 s), tandis que l\u2019Allemand Henry Graf s\u2019est adjug\u00e9 l\u2019argent (1 h 43 min 37 s), les trois athl\u00e8tes s\u2019\u00e9tant livr\u00e9 une bataille acharn\u00e9e jusqu\u2019aux derniers m\u00e8tres de la course \u00e0 pied de 10 kilom\u00e8tres.<\/p>\n<p>\u00ab C\u2019est incroyable de commencer la saison comme \u00e7a \u00bb, a d\u00e9clar\u00e9 Paquet. \u00ab L\u2019ann\u00e9e derni\u00e8re, j\u2019\u00e9tais d\u00e9\u00e7u de ne pas \u00eatre mont\u00e9 sur le podium apr\u00e8s avoir fr\u00f4l\u00e9 la victoire \u00e0 plusieurs reprises, donc c\u2019est un sentiment formidable. Avec l\u2019annulation d\u2019Abu Dhabi, j\u2019ai pu effectuer un bon bloc d\u2019entra\u00eenement \u00e0 G\u00e9rone, avec un bon volume de travail, et je me concentre d\u00e9sormais sur le WTCS d\u2019Alghero. \u00bb<\/p>\n<p>Le Canadien est sorti de la natation de 1,5 km en 12e position avant de se caler au milieu d\u2019un groupe de t\u00eate tr\u00e8s serr\u00e9 de 13 athl\u00e8tes lors du premier tour du parcours cycliste de cinq tours. Gardant son sang-froid tout au long de la course \u00e0 v\u00e9lo, Paquet s\u2019est bien positionn\u00e9 \u00e0 l\u2019approche de la deuxi\u00e8me transition.<\/p>\n<p>Sortant de la T2 en huiti\u00e8me position, \u00e0 27 secondes des leaders, Paquet a rapidement combl\u00e9 son retard lors de la course \u00e0 pied de 10 kilom\u00e8tres. Apr\u00e8s le premier tour, un groupe de t\u00eate d\u00e9cisif de six athl\u00e8tes s\u2019est form\u00e9, avec Paquet bien en lice.<\/p>\n<p>\u00c0 mi-parcours, le rythme s&rsquo;est intensifi\u00e9, \u00e9liminant deux athl\u00e8tes et laissant Paquet au coude \u00e0 coude avec Vilaca et Graf. Le trio est rest\u00e9 group\u00e9 jusqu&rsquo;aux 400 derniers m\u00e8tres, lorsque Vilaca a pris la t\u00eate, suivi de Graf, laissant Paquet s&#8217;emparer de la troisi\u00e8me place \u2013 \u00e0 seulement huit secondes du temps du vainqueur.<\/p>\n<p>Gr\u00e2ce \u00e0 ce r\u00e9sultat, Paquet devient le deuxi\u00e8me Canadien \u00e0 monter sur le podium du WTCS. Son co\u00e9quipier pour les Jeux olympiques de 2024, Tyler Mislawchuk, avait d\u00e9j\u00e0 remport\u00e9 le bronze lors de l\u2019\u00e9tape de Montr\u00e9al en 2019.<\/p>\n<p>Les Canadiennes ont \u00e9galement connu le succ\u00e8s sur le circuit WTCS : Joanna Brown a d\u00e9croch\u00e9 le bronze en 2019 aux Bermudes, Kirsten Sweetland a remport\u00e9 le bronze \u00e0 Hambourg en 2014, tandis que Paula Findlay a gagn\u00e9 cinq courses du WTCS entre 2010 et 2011.<\/p>\n<p>Le podium de Paquet marque une \u00e9tape importante dans son ascension r\u00e9guli\u00e8re au classement international. Le Qu\u00e9b\u00e9cois s\u2019est class\u00e9 13e aux Jeux olympiques de Paris 2024 et \u00e0 la finale du WTCS 2025. Il a d\u00e9j\u00e0 enregistr\u00e9 deux cinqui\u00e8mes places dans la s\u00e9rie \u00e9lite.<\/p>\n<p>Athl\u00e8te confirm\u00e9 \u00e0 toutes les \u00e9tapes de son parcours, Paquet a fait partie de l\u2019\u00e9quipe canadienne de relais mixte m\u00e9daill\u00e9e d\u2019argent aux Jeux panam\u00e9ricains de 2019 et a remport\u00e9 l\u2019argent aux Championnats du monde juniors de 2016.<\/p>\n<p>Mathis Beaulieu, de Qu\u00e9bec, n\u2019a pas pu prendre le d\u00e9part de la course.<\/p>\n<p><a href=\"https:\/\/events.triathlon.org\/2026-wtcs-samarkand\/results?program=678661\"><strong>R\u00e9sultats complets de la S\u00e9rie des Championnats du monde de triathlon \u00e0 Samarcande<\/strong><\/a><\/p>\n","protected":false},"excerpt":{"rendered":"<p>Paquet devient ainsi le deuxi\u00e8me Canadien de l&rsquo;histoire \u00e0 monter sur le podium de la S\u00e9rie des championnats du monde de triathlon<\/p>\n","protected":false},"author":130,"featured_media":38703,"comment_status":"closed","ping_status":"closed","sticky":false,"template":"","format":"standard","meta":{"_et_pb_use_builder":"","_et_pb_old_content":"","_et_gb_content_width":"","footnotes":""},"categories":[40],"tags":[],"class_list":["post-38705","post","type-post","status-publish","format-standard","has-post-thumbnail","hentry","category-actualites"],"yoast_head":"<title>Charles Paquet d\u00e9croche le premier podium de sa carri\u00e8re dans la S\u00e9rie des Championnats du monde de triathlon en remportant la m\u00e9daille de bronze \u00e0 Samarcande - Triathlon Canada<\/title>\n<meta name=\"robots\" content=\"index, follow, max-snippet:-1, max-image-preview:large, max-video-preview:-1\" \/>\n<link rel=\"canonical\" href=\"https:\/\/www.triathloncanada.com\/fr\/charles-paquet-decroche-le-premier-podium-de-sa-carriere-dans-la-serie-des-championnats-du-monde-de-triathlon-en-remportant-la-medaille-de-bronze-a-samarcande\/\" \/>\n<meta property=\"og:locale\" content=\"fr_FR\" \/>\n<meta property=\"og:type\" content=\"article\" \/>\n<meta property=\"og:title\" content=\"Charles Paquet d\u00e9croche le premier podium de sa carri\u00e8re dans la S\u00e9rie des Championnats du monde de triathlon en remportant la m\u00e9daille de bronze \u00e0 Samarcande - Triathlon Canada\" \/>\n<meta property=\"og:description\" content=\"Paquet devient ainsi le deuxi\u00e8me Canadien de l&#039;histoire \u00e0 monter sur le podium de la S\u00e9rie des championnats du monde de triathlon\" \/>\n<meta property=\"og:url\" content=\"https:\/\/www.triathloncanada.com\/fr\/charles-paquet-decroche-le-premier-podium-de-sa-carriere-dans-la-serie-des-championnats-du-monde-de-triathlon-en-remportant-la-medaille-de-bronze-a-samarcande\/\" \/>\n<meta property=\"og:site_name\" content=\"Triathlon Canada\" \/>\n<meta property=\"article:published_time\" content=\"2026-04-25T15:47:02+00:00\" \/>\n<meta property=\"article:modified_time\" content=\"2026-04-25T15:48:01+00:00\" \/>\n<meta property=\"og:image\" content=\"https:\/\/www.triathloncanada.com\/wp-content\/uploads\/IMG_7369.jpg\" \/>\n\t<meta property=\"og:image:width\" content=\"1680\" \/>\n\t<meta property=\"og:image:height\" content=\"1120\" \/>\n\t<meta property=\"og:image:type\" content=\"image\/jpeg\" \/>\n<meta name=\"author\" content=\"Chris Dornan\" \/>\n<meta name=\"twitter:card\" content=\"summary_large_image\" \/>\n<meta name=\"twitter:label1\" content=\"\u00c9crit par\" \/>\n\t<meta name=\"twitter:data1\" content=\"Chris Dornan\" \/>\n\t<meta name=\"twitter:label2\" content=\"Dur\u00e9e de lecture estim\u00e9e\" \/>\n\t<meta name=\"twitter:data2\" content=\"3 minutes\" \/>\n<script type=\"application\/ld+json\" class=\"yoast-schema-graph\">{\"@context\":\"https:\\\/\\\/schema.org\",\"@graph\":[{\"@type\":\"Article\",\"@id\":\"https:\\\/\\\/www.triathloncanada.com\\\/fr\\\/charles-paquet-decroche-le-premier-podium-de-sa-carriere-dans-la-serie-des-championnats-du-monde-de-triathlon-en-remportant-la-medaille-de-bronze-a-samarcande\\\/#article\",\"isPartOf\":{\"@id\":\"https:\\\/\\\/www.triathloncanada.com\\\/fr\\\/charles-paquet-decroche-le-premier-podium-de-sa-carriere-dans-la-serie-des-championnats-du-monde-de-triathlon-en-remportant-la-medaille-de-bronze-a-samarcande\\\/\"},\"author\":{\"name\":\"Chris Dornan\",\"@id\":\"https:\\\/\\\/www.triathloncanada.com\\\/#\\\/schema\\\/person\\\/a6e0e454c343c7846fa42331f5f18442\"},\"headline\":\"Charles Paquet d\u00e9croche le premier podium de sa carri\u00e8re dans la S\u00e9rie des Championnats du monde de triathlon en remportant la m\u00e9daille de bronze \u00e0 Samarcande\",\"datePublished\":\"2026-04-25T15:47:02+00:00\",\"dateModified\":\"2026-04-25T15:48:01+00:00\",\"mainEntityOfPage\":{\"@id\":\"https:\\\/\\\/www.triathloncanada.com\\\/fr\\\/charles-paquet-decroche-le-premier-podium-de-sa-carriere-dans-la-serie-des-championnats-du-monde-de-triathlon-en-remportant-la-medaille-de-bronze-a-samarcande\\\/\"},\"wordCount\":605,\"image\":{\"@id\":\"https:\\\/\\\/www.triathloncanada.com\\\/fr\\\/charles-paquet-decroche-le-premier-podium-de-sa-carriere-dans-la-serie-des-championnats-du-monde-de-triathlon-en-remportant-la-medaille-de-bronze-a-samarcande\\\/#primaryimage\"},\"thumbnailUrl\":\"https:\\\/\\\/www.triathloncanada.com\\\/wp-content\\\/uploads\\\/IMG_7369.jpg\",\"articleSection\":[\"Actualit\u00e9s\"],\"inLanguage\":\"fr-FR\"},{\"@type\":\"WebPage\",\"@id\":\"https:\\\/\\\/www.triathloncanada.com\\\/fr\\\/charles-paquet-decroche-le-premier-podium-de-sa-carriere-dans-la-serie-des-championnats-du-monde-de-triathlon-en-remportant-la-medaille-de-bronze-a-samarcande\\\/\",\"url\":\"https:\\\/\\\/www.triathloncanada.com\\\/fr\\\/charles-paquet-decroche-le-premier-podium-de-sa-carriere-dans-la-serie-des-championnats-du-monde-de-triathlon-en-remportant-la-medaille-de-bronze-a-samarcande\\\/\",\"name\":\"Charles Paquet d\u00e9croche le premier podium de sa carri\u00e8re dans la S\u00e9rie des Championnats du monde de triathlon en remportant la m\u00e9daille de bronze \u00e0 Samarcande - Triathlon Canada\",\"isPartOf\":{\"@id\":\"https:\\\/\\\/www.triathloncanada.com\\\/#website\"},\"primaryImageOfPage\":{\"@id\":\"https:\\\/\\\/www.triathloncanada.com\\\/fr\\\/charles-paquet-decroche-le-premier-podium-de-sa-carriere-dans-la-serie-des-championnats-du-monde-de-triathlon-en-remportant-la-medaille-de-bronze-a-samarcande\\\/#primaryimage\"},\"image\":{\"@id\":\"https:\\\/\\\/www.triathloncanada.com\\\/fr\\\/charles-paquet-decroche-le-premier-podium-de-sa-carriere-dans-la-serie-des-championnats-du-monde-de-triathlon-en-remportant-la-medaille-de-bronze-a-samarcande\\\/#primaryimage\"},\"thumbnailUrl\":\"https:\\\/\\\/www.triathloncanada.com\\\/wp-content\\\/uploads\\\/IMG_7369.jpg\",\"datePublished\":\"2026-04-25T15:47:02+00:00\",\"dateModified\":\"2026-04-25T15:48:01+00:00\",\"author\":{\"@id\":\"https:\\\/\\\/www.triathloncanada.com\\\/#\\\/schema\\\/person\\\/a6e0e454c343c7846fa42331f5f18442\"},\"breadcrumb\":{\"@id\":\"https:\\\/\\\/www.triathloncanada.com\\\/fr\\\/charles-paquet-decroche-le-premier-podium-de-sa-carriere-dans-la-serie-des-championnats-du-monde-de-triathlon-en-remportant-la-medaille-de-bronze-a-samarcande\\\/#breadcrumb\"},\"inLanguage\":\"fr-FR\",\"potentialAction\":[{\"@type\":\"ReadAction\",\"target\":[\"https:\\\/\\\/www.triathloncanada.com\\\/fr\\\/charles-paquet-decroche-le-premier-podium-de-sa-carriere-dans-la-serie-des-championnats-du-monde-de-triathlon-en-remportant-la-medaille-de-bronze-a-samarcande\\\/\"]}]},{\"@type\":\"ImageObject\",\"inLanguage\":\"fr-FR\",\"@id\":\"https:\\\/\\\/www.triathloncanada.com\\\/fr\\\/charles-paquet-decroche-le-premier-podium-de-sa-carriere-dans-la-serie-des-championnats-du-monde-de-triathlon-en-remportant-la-medaille-de-bronze-a-samarcande\\\/#primaryimage\",\"url\":\"https:\\\/\\\/www.triathloncanada.com\\\/wp-content\\\/uploads\\\/IMG_7369.jpg\",\"contentUrl\":\"https:\\\/\\\/www.triathloncanada.com\\\/wp-content\\\/uploads\\\/IMG_7369.jpg\",\"width\":1680,\"height\":1120},{\"@type\":\"BreadcrumbList\",\"@id\":\"https:\\\/\\\/www.triathloncanada.com\\\/fr\\\/charles-paquet-decroche-le-premier-podium-de-sa-carriere-dans-la-serie-des-championnats-du-monde-de-triathlon-en-remportant-la-medaille-de-bronze-a-samarcande\\\/#breadcrumb\",\"itemListElement\":[{\"@type\":\"ListItem\",\"position\":1,\"name\":\"Home\",\"item\":\"https:\\\/\\\/www.triathloncanada.com\\\/fr\\\/\"},{\"@type\":\"ListItem\",\"position\":2,\"name\":\"Charles Paquet d\u00e9croche le premier podium de sa carri\u00e8re dans la S\u00e9rie des Championnats du monde de triathlon en remportant la m\u00e9daille de bronze \u00e0 Samarcande\"}]},{\"@type\":\"WebSite\",\"@id\":\"https:\\\/\\\/www.triathloncanada.com\\\/#website\",\"url\":\"https:\\\/\\\/www.triathloncanada.com\\\/\",\"name\":\"Triathlon Canada\",\"description\":\"\",\"potentialAction\":[{\"@type\":\"SearchAction\",\"target\":{\"@type\":\"EntryPoint\",\"urlTemplate\":\"https:\\\/\\\/www.triathloncanada.com\\\/?s={search_term_string}\"},\"query-input\":{\"@type\":\"PropertyValueSpecification\",\"valueRequired\":true,\"valueName\":\"search_term_string\"}}],\"inLanguage\":\"fr-FR\"},{\"@type\":\"Person\",\"@id\":\"https:\\\/\\\/www.triathloncanada.com\\\/#\\\/schema\\\/person\\\/a6e0e454c343c7846fa42331f5f18442\",\"name\":\"Chris Dornan\",\"image\":{\"@type\":\"ImageObject\",\"inLanguage\":\"fr-FR\",\"@id\":\"https:\\\/\\\/secure.gravatar.com\\\/avatar\\\/32c479d938bec084cc8211fd83fd1031ca300c7bed9a40901ccef9ec74da54b5?s=96&d=mm&r=g\",\"url\":\"https:\\\/\\\/secure.gravatar.com\\\/avatar\\\/32c479d938bec084cc8211fd83fd1031ca300c7bed9a40901ccef9ec74da54b5?s=96&d=mm&r=g\",\"contentUrl\":\"https:\\\/\\\/secure.gravatar.com\\\/avatar\\\/32c479d938bec084cc8211fd83fd1031ca300c7bed9a40901ccef9ec74da54b5?s=96&d=mm&r=g\",\"caption\":\"Chris Dornan\"},\"url\":\"https:\\\/\\\/www.triathloncanada.com\\\/fr\\\/author\\\/cdornan\\\/\"}]}<\/script>","yoast_head_json":{"title":"Charles Paquet d\u00e9croche le premier podium de sa carri\u00e8re dans la S\u00e9rie des Championnats du monde de triathlon en remportant la m\u00e9daille de bronze \u00e0 Samarcande - Triathlon Canada","robots":{"index":"index","follow":"follow","max-snippet":"max-snippet:-1","max-image-preview":"max-image-preview:large","max-video-preview":"max-video-preview:-1"},"canonical":"https:\/\/www.triathloncanada.com\/fr\/charles-paquet-decroche-le-premier-podium-de-sa-carriere-dans-la-serie-des-championnats-du-monde-de-triathlon-en-remportant-la-medaille-de-bronze-a-samarcande\/","og_locale":"fr_FR","og_type":"article","og_title":"Charles Paquet d\u00e9croche le premier podium de sa carri\u00e8re dans la S\u00e9rie des Championnats du monde de triathlon en remportant la m\u00e9daille de bronze \u00e0 Samarcande - Triathlon Canada","og_description":"Paquet devient ainsi le deuxi\u00e8me Canadien de l'histoire \u00e0 monter sur le podium de la S\u00e9rie des championnats du monde de triathlon","og_url":"https:\/\/www.triathloncanada.com\/fr\/charles-paquet-decroche-le-premier-podium-de-sa-carriere-dans-la-serie-des-championnats-du-monde-de-triathlon-en-remportant-la-medaille-de-bronze-a-samarcande\/","og_site_name":"Triathlon Canada","article_published_time":"2026-04-25T15:47:02+00:00","article_modified_time":"2026-04-25T15:48:01+00:00","og_image":[{"width":1680,"height":1120,"url":"https:\/\/www.triathloncanada.com\/wp-content\/uploads\/IMG_7369.jpg","type":"image\/jpeg"}],"author":"Chris Dornan","twitter_card":"summary_large_image","twitter_misc":{"\u00c9crit par":"Chris Dornan","Dur\u00e9e de lecture estim\u00e9e":"3 minutes"},"schema":{"@context":"https:\/\/schema.org","@graph":[{"@type":"Article","@id":"https:\/\/www.triathloncanada.com\/fr\/charles-paquet-decroche-le-premier-podium-de-sa-carriere-dans-la-serie-des-championnats-du-monde-de-triathlon-en-remportant-la-medaille-de-bronze-a-samarcande\/#article","isPartOf":{"@id":"https:\/\/www.triathloncanada.com\/fr\/charles-paquet-decroche-le-premier-podium-de-sa-carriere-dans-la-serie-des-championnats-du-monde-de-triathlon-en-remportant-la-medaille-de-bronze-a-samarcande\/"},"author":{"name":"Chris Dornan","@id":"https:\/\/www.triathloncanada.com\/#\/schema\/person\/a6e0e454c343c7846fa42331f5f18442"},"headline":"Charles Paquet d\u00e9croche le premier podium de sa carri\u00e8re dans la S\u00e9rie des Championnats du monde de triathlon en remportant la m\u00e9daille de bronze \u00e0 Samarcande","datePublished":"2026-04-25T15:47:02+00:00","dateModified":"2026-04-25T15:48:01+00:00","mainEntityOfPage":{"@id":"https:\/\/www.triathloncanada.com\/fr\/charles-paquet-decroche-le-premier-podium-de-sa-carriere-dans-la-serie-des-championnats-du-monde-de-triathlon-en-remportant-la-medaille-de-bronze-a-samarcande\/"},"wordCount":605,"image":{"@id":"https:\/\/www.triathloncanada.com\/fr\/charles-paquet-decroche-le-premier-podium-de-sa-carriere-dans-la-serie-des-championnats-du-monde-de-triathlon-en-remportant-la-medaille-de-bronze-a-samarcande\/#primaryimage"},"thumbnailUrl":"https:\/\/www.triathloncanada.com\/wp-content\/uploads\/IMG_7369.jpg","articleSection":["Actualit\u00e9s"],"inLanguage":"fr-FR"},{"@type":"WebPage","@id":"https:\/\/www.triathloncanada.com\/fr\/charles-paquet-decroche-le-premier-podium-de-sa-carriere-dans-la-serie-des-championnats-du-monde-de-triathlon-en-remportant-la-medaille-de-bronze-a-samarcande\/","url":"https:\/\/www.triathloncanada.com\/fr\/charles-paquet-decroche-le-premier-podium-de-sa-carriere-dans-la-serie-des-championnats-du-monde-de-triathlon-en-remportant-la-medaille-de-bronze-a-samarcande\/","name":"Charles Paquet d\u00e9croche le premier podium de sa carri\u00e8re dans la S\u00e9rie des Championnats du monde de triathlon en remportant la m\u00e9daille de bronze \u00e0 Samarcande - Triathlon Canada","isPartOf":{"@id":"https:\/\/www.triathloncanada.com\/#website"},"primaryImageOfPage":{"@id":"https:\/\/www.triathloncanada.com\/fr\/charles-paquet-decroche-le-premier-podium-de-sa-carriere-dans-la-serie-des-championnats-du-monde-de-triathlon-en-remportant-la-medaille-de-bronze-a-samarcande\/#primaryimage"},"image":{"@id":"https:\/\/www.triathloncanada.com\/fr\/charles-paquet-decroche-le-premier-podium-de-sa-carriere-dans-la-serie-des-championnats-du-monde-de-triathlon-en-remportant-la-medaille-de-bronze-a-samarcande\/#primaryimage"},"thumbnailUrl":"https:\/\/www.triathloncanada.com\/wp-content\/uploads\/IMG_7369.jpg","datePublished":"2026-04-25T15:47:02+00:00","dateModified":"2026-04-25T15:48:01+00:00","author":{"@id":"https:\/\/www.triathloncanada.com\/#\/schema\/person\/a6e0e454c343c7846fa42331f5f18442"},"breadcrumb":{"@id":"https:\/\/www.triathloncanada.com\/fr\/charles-paquet-decroche-le-premier-podium-de-sa-carriere-dans-la-serie-des-championnats-du-monde-de-triathlon-en-remportant-la-medaille-de-bronze-a-samarcande\/#breadcrumb"},"inLanguage":"fr-FR","potentialAction":[{"@type":"ReadAction","target":["https:\/\/www.triathloncanada.com\/fr\/charles-paquet-decroche-le-premier-podium-de-sa-carriere-dans-la-serie-des-championnats-du-monde-de-triathlon-en-remportant-la-medaille-de-bronze-a-samarcande\/"]}]},{"@type":"ImageObject","inLanguage":"fr-FR","@id":"https:\/\/www.triathloncanada.com\/fr\/charles-paquet-decroche-le-premier-podium-de-sa-carriere-dans-la-serie-des-championnats-du-monde-de-triathlon-en-remportant-la-medaille-de-bronze-a-samarcande\/#primaryimage","url":"https:\/\/www.triathloncanada.com\/wp-content\/uploads\/IMG_7369.jpg","contentUrl":"https:\/\/www.triathloncanada.com\/wp-content\/uploads\/IMG_7369.jpg","width":1680,"height":1120},{"@type":"BreadcrumbList","@id":"https:\/\/www.triathloncanada.com\/fr\/charles-paquet-decroche-le-premier-podium-de-sa-carriere-dans-la-serie-des-championnats-du-monde-de-triathlon-en-remportant-la-medaille-de-bronze-a-samarcande\/#breadcrumb","itemListElement":[{"@type":"ListItem","position":1,"name":"Home","item":"https:\/\/www.triathloncanada.com\/fr\/"},{"@type":"ListItem","position":2,"name":"Charles Paquet d\u00e9croche le premier podium de sa carri\u00e8re dans la S\u00e9rie des Championnats du monde de triathlon en remportant la m\u00e9daille de bronze \u00e0 Samarcande"}]},{"@type":"WebSite","@id":"https:\/\/www.triathloncanada.com\/#website","url":"https:\/\/www.triathloncanada.com\/","name":"Triathlon Canada","description":"","potentialAction":[{"@type":"SearchAction","target":{"@type":"EntryPoint","urlTemplate":"https:\/\/www.triathloncanada.com\/?s={search_term_string}"},"query-input":{"@type":"PropertyValueSpecification","valueRequired":true,"valueName":"search_term_string"}}],"inLanguage":"fr-FR"},{"@type":"Person","@id":"https:\/\/www.triathloncanada.com\/#\/schema\/person\/a6e0e454c343c7846fa42331f5f18442","name":"Chris Dornan","image":{"@type":"ImageObject","inLanguage":"fr-FR","@id":"https:\/\/secure.gravatar.com\/avatar\/32c479d938bec084cc8211fd83fd1031ca300c7bed9a40901ccef9ec74da54b5?s=96&d=mm&r=g","url":"https:\/\/secure.gravatar.com\/avatar\/32c479d938bec084cc8211fd83fd1031ca300c7bed9a40901ccef9ec74da54b5?s=96&d=mm&r=g","contentUrl":"https:\/\/secure.gravatar.com\/avatar\/32c479d938bec084cc8211fd83fd1031ca300c7bed9a40901ccef9ec74da54b5?s=96&d=mm&r=g","caption":"Chris Dornan"},"url":"https:\/\/www.triathloncanada.com\/fr\/author\/cdornan\/"}]}},"_links":{"self":[{"href":"https:\/\/www.triathloncanada.com\/fr\/wp-json\/wp\/v2\/posts\/38705","targetHints":{"allow":["GET"]}}],"collection":[{"href":"https:\/\/www.triathloncanada.com\/fr\/wp-json\/wp\/v2\/posts"}],"about":[{"href":"https:\/\/www.triathloncanada.com\/fr\/wp-json\/wp\/v2\/types\/post"}],"author":[{"embeddable":true,"href":"https:\/\/www.triathloncanada.com\/fr\/wp-json\/wp\/v2\/users\/130"}],"replies":[{"embeddable":true,"href":"https:\/\/www.triathloncanada.com\/fr\/wp-json\/wp\/v2\/comments?post=38705"}],"version-history":[{"count":1,"href":"https:\/\/www.triathloncanada.com\/fr\/wp-json\/wp\/v2\/posts\/38705\/revisions"}],"predecessor-version":[{"id":38706,"href":"https:\/\/www.triathloncanada.com\/fr\/wp-json\/wp\/v2\/posts\/38705\/revisions\/38706"}],"wp:featuredmedia":[{"embeddable":true,"href":"https:\/\/www.triathloncanada.com\/fr\/wp-json\/wp\/v2\/media\/38703"}],"wp:attachment":[{"href":"https:\/\/www.triathloncanada.com\/fr\/wp-json\/wp\/v2\/media?parent=38705"}],"wp:term":[{"taxonomy":"category","embeddable":true,"href":"https:\/\/www.triathloncanada.com\/fr\/wp-json\/wp\/v2\/categories?post=38705"},{"taxonomy":"post_tag","embeddable":true,"href":"https:\/\/www.triathloncanada.com\/fr\/wp-json\/wp\/v2\/tags?post=38705"}],"curies":[{"name":"wp","href":"https:\/\/api.w.org\/{rel}","templated":true}]}}