{"id":37004,"date":"2025-10-08T10:45:50","date_gmt":"2025-10-08T17:45:50","guid":{"rendered":"https:\/\/www.triathloncanada.com\/?p=37004"},"modified":"2025-10-08T11:11:58","modified_gmt":"2025-10-08T18:11:58","slug":"des-athletes-olympiques-et-paralympiques-menent-lequipe-canadienne-de-triathlon-aux-championnats-du-monde-2025","status":"publish","type":"post","link":"https:\/\/www.triathloncanada.com\/fr\/des-athletes-olympiques-et-paralympiques-menent-lequipe-canadienne-de-triathlon-aux-championnats-du-monde-2025\/","title":{"rendered":"Des athl\u00e8tes olympiques et paralympiques m\u00e8nent l&rsquo;\u00e9quipe canadienne de triathlon aux Championnats du monde 2025"},"content":{"rendered":"<p><strong>VICTORIA <\/strong>\u2014 Les triathl\u00e8tes canadiens sont en route et pr\u00eats \u00e0 prendre le d\u00e9part des Championnats du monde de triathlon 2025 qui se d\u00e9rouleront \u00e0 Wollongong, en Australie, du 14 au 19 octobre.<\/p>\n<p>Triathlon Canada a s\u00e9lectionn\u00e9 un groupe de 18 athl\u00e8tes (neuf femmes et neuf hommes) alliant le leadership de v\u00e9t\u00e9rans et le potentiel de podium \u00e0 l&rsquo;\u00e9nergie et au dynamisme de la jeunesse pour porter les couleurs du Canada lors du plus grand \u00e9v\u00e9nement de la saison non olympique et paralympique.<\/p>\n<p>\u00ab Nous avons r\u00e9uni un groupe unique d&rsquo;athl\u00e8tes men\u00e9 par un groupe talentueux de haut niveau sur la sc\u00e8ne internationale, ainsi qu&rsquo;un groupe inspir\u00e9 d&rsquo;athl\u00e8tes en d\u00e9veloppement et leurs entra\u00eeneurs qui sont d\u00e9termin\u00e9s \u00e0 affronter les meilleurs au monde \u00bb, a d\u00e9clar\u00e9 Dan Proulx, directeur de la haute performance chez Triathlon Canada.<\/p>\n<p>Un m\u00e9daill\u00e9 paralympique et trois m\u00e9daill\u00e9s olympiques seront charg\u00e9s de mener un groupe de jeunes Canadiens tr\u00e8s motiv\u00e9s dans leur qu\u00eate du podium.<\/p>\n<p><strong>Stefan Daniel (Calgary), <\/strong>double m\u00e9daill\u00e9 paralympique et sextuple champion du monde, tentera de d\u00e9fendre son titre de champion du monde. Le Calgarien a remport\u00e9 son sixi\u00e8me titre de champion du monde de triathlon paralympique il y a un an en Espagne, une douce revanche apr\u00e8s sa chute dans le dernier virage en \u00e9pingle \u00e0 cheveux du parcours cycliste des Jeux de Paris 2024.<\/p>\n<p>Trois athl\u00e8tes exp\u00e9riment\u00e9s, riches d&rsquo;une grande exp\u00e9rience dans les jeux multisports, <strong>Tyler Mislawchuk (Oak Bluff, Manitoba), Charles Paquet (Port-Cartier, Qu\u00e9bec) <\/strong>et <strong>Emy Legault (<\/strong><strong>L&rsquo;\u00cele Perrot, Qu\u00e9bec)<\/strong>, seront \u00e0 la t\u00eate d&rsquo;un groupe de quatre triathl\u00e8tes canadiens qui participeront aux courses d&rsquo;\u00e9lite.\u00a0 Ils seront rejoints par <strong>Desirae Ridenour (Cowichan Bay, C.-B.), <\/strong>qui est devenue cette ann\u00e9e la premi\u00e8re Canadienne en plus de 10 ans \u00e0 remporter une Coupe du monde de triathlon. Legault, Mislawchuk et Paquet ont tous repr\u00e9sent\u00e9 le Canada aux Jeux olympiques de 2024.<\/p>\n<p>\u00ab Ces cinq athl\u00e8tes sont fermement d\u00e9termin\u00e9s \u00e0 perp\u00e9tuer la tradition d&rsquo;excellence de ce programme aux Championnats du monde. Ils se concentrent pleinement sur leur performance chaque fois qu&rsquo;ils prennent le d\u00e9part \u00bb, a ajout\u00e9 M. Proulx. \u00ab Avec ce groupe d&rsquo;athl\u00e8tes confirm\u00e9s qui continuent de montrer la voie, nous esp\u00e9rons \u00e9galement voir bon nombre de nos athl\u00e8tes de niveau d\u00e9veloppement et junior acqu\u00e9rir une exp\u00e9rience pr\u00e9cieuse lors de l&rsquo;\u00e9v\u00e9nement phare de cette saison. \u00bb<\/p>\n<p>Triathlon Canada a \u00e9galement nomm\u00e9 huit athl\u00e8tes de tout le pays qui participeront aux courses U23.<\/p>\n<p><strong>Femmes U23 :\u00a0 \u00a0 \u00a0 \u00a0 \u00a0 \u00a0 \u00a0 \u00a0 \u00a0 \u00a0 \u00a0 \u00a0 \u00a0 \u00a0 \u00a0 \u00a0 \u00a0 \u00a0 \u00a0 \u00a0Hommes U23<br \/>\n<\/strong>Sophia Howell (Calgary)\u00a0 \u00a0 \u00a0 \u00a0 \u00a0 \u00a0 \u00a0 \u00a0 \u00a0 \u00a0 \u00a0 \u00a0 \u00a0Mathis Beaulieu (Qu\u00e9bec City)<br \/>\nIsla Britton (Montr\u00e9al)\u00a0 \u00a0 \u00a0 \u00a0 \u00a0 \u00a0 \u00a0 \u00a0 \u00a0 \u00a0 \u00a0 \u00a0 \u00a0 \u00a0 \u00a0Daniel Damien (Victoria)<br \/>\nSidney Clement (Vancouver) \u00a0\u00a0\u00a0\u00a0\u00a0\u00a0\u00a0\u00a0\u00a0\u00a0\u00a0\u00a0\u00a0\u00a0\u00a0\u00a0 Blake Harris (Sanford, MB)<br \/>\nMolly Lakustiak (Regina)<br \/>\nKira Gupta Baltazar (Kleinburg, Ontario)<\/p>\n<p>\u00ab Ce groupe de jeunes athl\u00e8tes a prouv\u00e9 qu&rsquo;il \u00e9tait capable de performer au moment opportun \u00e0 tous les niveaux de son parcours de d\u00e9veloppement \u00bb, a d\u00e9clar\u00e9 M. Proulx. \u00ab Il s&rsquo;agit \u00e9galement d&rsquo;un groupe d&rsquo;athl\u00e8tes en d\u00e9veloppement extr\u00eamement prometteur, tout aussi d\u00e9termin\u00e9 \u00e0 atteindre ses objectifs de performance. Notre objectif est de travailler avec nos partenaires financiers pour veiller \u00e0 ce que ce groupe d&rsquo;athl\u00e8tes dispose des outils n\u00e9cessaires pour r\u00e9ussir bien au-del\u00e0 de 2028. \u00bb<\/p>\n<p>Cinq athl\u00e8tes juniors feront \u00e9galement leurs premiers pas dans les Championnats du monde.<\/p>\n<p><strong>Femmes juniors :<br \/>\n<\/strong>Beatrice Filion (Candiac, QC)<br \/>\nBrooke Rousselle (Calgary)<br \/>\nRobi Racine (Saint-Paul, QC)<\/p>\n<p><strong>Hommes juniors :<br \/>\n<\/strong>Leandre Binette (Saint-Christophe d&rsquo;Arthabaska)<br \/>\nHenry Bristol (Regina)<strong><br \/>\n<\/strong><\/p>\n<p>\u00c9quipe Canada comptera \u00e9galement sur un contingent de 218 athl\u00e8tes qui se rendront en Australie pour participer aux Championnats du monde par groupe d&rsquo;\u00e2ge dans les \u00e9preuves de sprint et de distance standard, d&rsquo;aquabike et de relais mixte.<\/p>\n<p><strong>Calendrier :<br \/>\n<\/strong><strong><em>16 octobre<br \/>\n<\/em><\/strong>Championnat du monde par groupes d&rsquo;\u00e2ge sur distance standard<br \/>\nChampionnat du monde par groupes d&rsquo;\u00e2ge aquav\u00e9lo standard<br \/>\nChampionnat masculin U23<br \/>\nChampionnat f\u00e9minin U23<\/p>\n<p><strong><em>17 octobre<br \/>\n<\/em><\/strong>Championnat sprint par groupe d&rsquo;\u00e2ge<br \/>\nChampionnat junior masculin<br \/>\nChampionnat junior f\u00e9minin<\/p>\n<p><strong><em>18 octobre<br \/>\n<\/em><\/strong>Championnat de paratriathlon<br \/>\nChampionnat junior et U23 de relais mixte<\/p>\n<p><strong><em>19 octobre<br \/>\n<\/em><\/strong>Championnat de relais mixte par groupe d&rsquo;\u00e2ge<br \/>\nFinale du championnat f\u00e9minin \u00e9lite<br \/>\nFinale du championnat \u00e9lite masculin<\/p>\n","protected":false},"excerpt":{"rendered":"<p>Les triathl\u00e8tes canadiens sont en route et pr\u00eats \u00e0 prendre le d\u00e9part des Championnats du monde de triathlon 2025 qui se d\u00e9rouleront \u00e0 Wollongong, en Australie, du 14 au 19 octobre.  <\/p>\n","protected":false},"author":130,"featured_media":37002,"comment_status":"closed","ping_status":"closed","sticky":false,"template":"","format":"standard","meta":{"_et_pb_use_builder":"","_et_pb_old_content":"","_et_gb_content_width":"","footnotes":""},"categories":[40],"tags":[],"class_list":["post-37004","post","type-post","status-publish","format-standard","has-post-thumbnail","hentry","category-actualites"],"yoast_head":"<title>Des athl\u00e8tes olympiques et paralympiques m\u00e8nent l&#039;\u00e9quipe canadienne de triathlon aux Championnats du monde 2025 - Triathlon Canada<\/title>\n<meta name=\"robots\" content=\"index, follow, max-snippet:-1, max-image-preview:large, max-video-preview:-1\" \/>\n<link rel=\"canonical\" href=\"https:\/\/www.triathloncanada.com\/fr\/des-athletes-olympiques-et-paralympiques-menent-lequipe-canadienne-de-triathlon-aux-championnats-du-monde-2025\/\" \/>\n<meta property=\"og:locale\" content=\"fr_FR\" \/>\n<meta property=\"og:type\" content=\"article\" \/>\n<meta property=\"og:title\" content=\"Des athl\u00e8tes olympiques et paralympiques m\u00e8nent l&#039;\u00e9quipe canadienne de triathlon aux Championnats du monde 2025 - Triathlon Canada\" \/>\n<meta property=\"og:description\" content=\"Les triathl\u00e8tes canadiens sont en route et pr\u00eats \u00e0 prendre le d\u00e9part des Championnats du monde de triathlon 2025 qui se d\u00e9rouleront \u00e0 Wollongong, en Australie, du 14 au 19 octobre.\" \/>\n<meta property=\"og:url\" content=\"https:\/\/www.triathloncanada.com\/fr\/des-athletes-olympiques-et-paralympiques-menent-lequipe-canadienne-de-triathlon-aux-championnats-du-monde-2025\/\" \/>\n<meta property=\"og:site_name\" content=\"Triathlon Canada\" \/>\n<meta property=\"article:published_time\" content=\"2025-10-08T17:45:50+00:00\" \/>\n<meta property=\"article:modified_time\" content=\"2025-10-08T18:11:58+00:00\" \/>\n<meta property=\"og:image\" content=\"https:\/\/www.triathloncanada.com\/wp-content\/uploads\/IMG_0441.png\" \/>\n\t<meta property=\"og:image:width\" content=\"1024\" \/>\n\t<meta property=\"og:image:height\" content=\"1280\" \/>\n\t<meta property=\"og:image:type\" content=\"image\/png\" \/>\n<meta name=\"author\" content=\"Chris Dornan\" \/>\n<meta name=\"twitter:card\" content=\"summary_large_image\" \/>\n<meta name=\"twitter:label1\" content=\"\u00c9crit par\" \/>\n\t<meta name=\"twitter:data1\" content=\"Chris Dornan\" \/>\n\t<meta name=\"twitter:label2\" content=\"Dur\u00e9e de lecture estim\u00e9e\" \/>\n\t<meta name=\"twitter:data2\" content=\"3 minutes\" \/>\n<script type=\"application\/ld+json\" class=\"yoast-schema-graph\">{\"@context\":\"https:\\\/\\\/schema.org\",\"@graph\":[{\"@type\":\"Article\",\"@id\":\"https:\\\/\\\/www.triathloncanada.com\\\/fr\\\/des-athletes-olympiques-et-paralympiques-menent-lequipe-canadienne-de-triathlon-aux-championnats-du-monde-2025\\\/#article\",\"isPartOf\":{\"@id\":\"https:\\\/\\\/www.triathloncanada.com\\\/fr\\\/des-athletes-olympiques-et-paralympiques-menent-lequipe-canadienne-de-triathlon-aux-championnats-du-monde-2025\\\/\"},\"author\":{\"name\":\"Chris Dornan\",\"@id\":\"https:\\\/\\\/www.triathloncanada.com\\\/#\\\/schema\\\/person\\\/a6e0e454c343c7846fa42331f5f18442\"},\"headline\":\"Des athl\u00e8tes olympiques et paralympiques m\u00e8nent l&rsquo;\u00e9quipe canadienne de triathlon aux Championnats du monde 2025\",\"datePublished\":\"2025-10-08T17:45:50+00:00\",\"dateModified\":\"2025-10-08T18:11:58+00:00\",\"mainEntityOfPage\":{\"@id\":\"https:\\\/\\\/www.triathloncanada.com\\\/fr\\\/des-athletes-olympiques-et-paralympiques-menent-lequipe-canadienne-de-triathlon-aux-championnats-du-monde-2025\\\/\"},\"wordCount\":730,\"image\":{\"@id\":\"https:\\\/\\\/www.triathloncanada.com\\\/fr\\\/des-athletes-olympiques-et-paralympiques-menent-lequipe-canadienne-de-triathlon-aux-championnats-du-monde-2025\\\/#primaryimage\"},\"thumbnailUrl\":\"https:\\\/\\\/www.triathloncanada.com\\\/wp-content\\\/uploads\\\/IMG_0441.png\",\"articleSection\":[\"Actualit\u00e9s\"],\"inLanguage\":\"fr-FR\"},{\"@type\":\"WebPage\",\"@id\":\"https:\\\/\\\/www.triathloncanada.com\\\/fr\\\/des-athletes-olympiques-et-paralympiques-menent-lequipe-canadienne-de-triathlon-aux-championnats-du-monde-2025\\\/\",\"url\":\"https:\\\/\\\/www.triathloncanada.com\\\/fr\\\/des-athletes-olympiques-et-paralympiques-menent-lequipe-canadienne-de-triathlon-aux-championnats-du-monde-2025\\\/\",\"name\":\"Des athl\u00e8tes olympiques et paralympiques m\u00e8nent l'\u00e9quipe canadienne de triathlon aux Championnats du monde 2025 - Triathlon Canada\",\"isPartOf\":{\"@id\":\"https:\\\/\\\/www.triathloncanada.com\\\/#website\"},\"primaryImageOfPage\":{\"@id\":\"https:\\\/\\\/www.triathloncanada.com\\\/fr\\\/des-athletes-olympiques-et-paralympiques-menent-lequipe-canadienne-de-triathlon-aux-championnats-du-monde-2025\\\/#primaryimage\"},\"image\":{\"@id\":\"https:\\\/\\\/www.triathloncanada.com\\\/fr\\\/des-athletes-olympiques-et-paralympiques-menent-lequipe-canadienne-de-triathlon-aux-championnats-du-monde-2025\\\/#primaryimage\"},\"thumbnailUrl\":\"https:\\\/\\\/www.triathloncanada.com\\\/wp-content\\\/uploads\\\/IMG_0441.png\",\"datePublished\":\"2025-10-08T17:45:50+00:00\",\"dateModified\":\"2025-10-08T18:11:58+00:00\",\"author\":{\"@id\":\"https:\\\/\\\/www.triathloncanada.com\\\/#\\\/schema\\\/person\\\/a6e0e454c343c7846fa42331f5f18442\"},\"breadcrumb\":{\"@id\":\"https:\\\/\\\/www.triathloncanada.com\\\/fr\\\/des-athletes-olympiques-et-paralympiques-menent-lequipe-canadienne-de-triathlon-aux-championnats-du-monde-2025\\\/#breadcrumb\"},\"inLanguage\":\"fr-FR\",\"potentialAction\":[{\"@type\":\"ReadAction\",\"target\":[\"https:\\\/\\\/www.triathloncanada.com\\\/fr\\\/des-athletes-olympiques-et-paralympiques-menent-lequipe-canadienne-de-triathlon-aux-championnats-du-monde-2025\\\/\"]}]},{\"@type\":\"ImageObject\",\"inLanguage\":\"fr-FR\",\"@id\":\"https:\\\/\\\/www.triathloncanada.com\\\/fr\\\/des-athletes-olympiques-et-paralympiques-menent-lequipe-canadienne-de-triathlon-aux-championnats-du-monde-2025\\\/#primaryimage\",\"url\":\"https:\\\/\\\/www.triathloncanada.com\\\/wp-content\\\/uploads\\\/IMG_0441.png\",\"contentUrl\":\"https:\\\/\\\/www.triathloncanada.com\\\/wp-content\\\/uploads\\\/IMG_0441.png\",\"width\":1024,\"height\":1280},{\"@type\":\"BreadcrumbList\",\"@id\":\"https:\\\/\\\/www.triathloncanada.com\\\/fr\\\/des-athletes-olympiques-et-paralympiques-menent-lequipe-canadienne-de-triathlon-aux-championnats-du-monde-2025\\\/#breadcrumb\",\"itemListElement\":[{\"@type\":\"ListItem\",\"position\":1,\"name\":\"Home\",\"item\":\"https:\\\/\\\/www.triathloncanada.com\\\/fr\\\/\"},{\"@type\":\"ListItem\",\"position\":2,\"name\":\"Des athl\u00e8tes olympiques et paralympiques m\u00e8nent l&#8217;\u00e9quipe canadienne de triathlon aux Championnats du monde 2025\"}]},{\"@type\":\"WebSite\",\"@id\":\"https:\\\/\\\/www.triathloncanada.com\\\/#website\",\"url\":\"https:\\\/\\\/www.triathloncanada.com\\\/\",\"name\":\"Triathlon Canada\",\"description\":\"\",\"potentialAction\":[{\"@type\":\"SearchAction\",\"target\":{\"@type\":\"EntryPoint\",\"urlTemplate\":\"https:\\\/\\\/www.triathloncanada.com\\\/?s={search_term_string}\"},\"query-input\":{\"@type\":\"PropertyValueSpecification\",\"valueRequired\":true,\"valueName\":\"search_term_string\"}}],\"inLanguage\":\"fr-FR\"},{\"@type\":\"Person\",\"@id\":\"https:\\\/\\\/www.triathloncanada.com\\\/#\\\/schema\\\/person\\\/a6e0e454c343c7846fa42331f5f18442\",\"name\":\"Chris Dornan\",\"image\":{\"@type\":\"ImageObject\",\"inLanguage\":\"fr-FR\",\"@id\":\"https:\\\/\\\/secure.gravatar.com\\\/avatar\\\/32c479d938bec084cc8211fd83fd1031ca300c7bed9a40901ccef9ec74da54b5?s=96&d=mm&r=g\",\"url\":\"https:\\\/\\\/secure.gravatar.com\\\/avatar\\\/32c479d938bec084cc8211fd83fd1031ca300c7bed9a40901ccef9ec74da54b5?s=96&d=mm&r=g\",\"contentUrl\":\"https:\\\/\\\/secure.gravatar.com\\\/avatar\\\/32c479d938bec084cc8211fd83fd1031ca300c7bed9a40901ccef9ec74da54b5?s=96&d=mm&r=g\",\"caption\":\"Chris Dornan\"},\"url\":\"https:\\\/\\\/www.triathloncanada.com\\\/fr\\\/author\\\/cdornan\\\/\"}]}<\/script>","yoast_head_json":{"title":"Des athl\u00e8tes olympiques et paralympiques m\u00e8nent l'\u00e9quipe canadienne de triathlon aux Championnats du monde 2025 - Triathlon Canada","robots":{"index":"index","follow":"follow","max-snippet":"max-snippet:-1","max-image-preview":"max-image-preview:large","max-video-preview":"max-video-preview:-1"},"canonical":"https:\/\/www.triathloncanada.com\/fr\/des-athletes-olympiques-et-paralympiques-menent-lequipe-canadienne-de-triathlon-aux-championnats-du-monde-2025\/","og_locale":"fr_FR","og_type":"article","og_title":"Des athl\u00e8tes olympiques et paralympiques m\u00e8nent l'\u00e9quipe canadienne de triathlon aux Championnats du monde 2025 - Triathlon Canada","og_description":"Les triathl\u00e8tes canadiens sont en route et pr\u00eats \u00e0 prendre le d\u00e9part des Championnats du monde de triathlon 2025 qui se d\u00e9rouleront \u00e0 Wollongong, en Australie, du 14 au 19 octobre.","og_url":"https:\/\/www.triathloncanada.com\/fr\/des-athletes-olympiques-et-paralympiques-menent-lequipe-canadienne-de-triathlon-aux-championnats-du-monde-2025\/","og_site_name":"Triathlon Canada","article_published_time":"2025-10-08T17:45:50+00:00","article_modified_time":"2025-10-08T18:11:58+00:00","og_image":[{"width":1024,"height":1280,"url":"https:\/\/www.triathloncanada.com\/wp-content\/uploads\/IMG_0441.png","type":"image\/png"}],"author":"Chris Dornan","twitter_card":"summary_large_image","twitter_misc":{"\u00c9crit par":"Chris Dornan","Dur\u00e9e de lecture estim\u00e9e":"3 minutes"},"schema":{"@context":"https:\/\/schema.org","@graph":[{"@type":"Article","@id":"https:\/\/www.triathloncanada.com\/fr\/des-athletes-olympiques-et-paralympiques-menent-lequipe-canadienne-de-triathlon-aux-championnats-du-monde-2025\/#article","isPartOf":{"@id":"https:\/\/www.triathloncanada.com\/fr\/des-athletes-olympiques-et-paralympiques-menent-lequipe-canadienne-de-triathlon-aux-championnats-du-monde-2025\/"},"author":{"name":"Chris Dornan","@id":"https:\/\/www.triathloncanada.com\/#\/schema\/person\/a6e0e454c343c7846fa42331f5f18442"},"headline":"Des athl\u00e8tes olympiques et paralympiques m\u00e8nent l&rsquo;\u00e9quipe canadienne de triathlon aux Championnats du monde 2025","datePublished":"2025-10-08T17:45:50+00:00","dateModified":"2025-10-08T18:11:58+00:00","mainEntityOfPage":{"@id":"https:\/\/www.triathloncanada.com\/fr\/des-athletes-olympiques-et-paralympiques-menent-lequipe-canadienne-de-triathlon-aux-championnats-du-monde-2025\/"},"wordCount":730,"image":{"@id":"https:\/\/www.triathloncanada.com\/fr\/des-athletes-olympiques-et-paralympiques-menent-lequipe-canadienne-de-triathlon-aux-championnats-du-monde-2025\/#primaryimage"},"thumbnailUrl":"https:\/\/www.triathloncanada.com\/wp-content\/uploads\/IMG_0441.png","articleSection":["Actualit\u00e9s"],"inLanguage":"fr-FR"},{"@type":"WebPage","@id":"https:\/\/www.triathloncanada.com\/fr\/des-athletes-olympiques-et-paralympiques-menent-lequipe-canadienne-de-triathlon-aux-championnats-du-monde-2025\/","url":"https:\/\/www.triathloncanada.com\/fr\/des-athletes-olympiques-et-paralympiques-menent-lequipe-canadienne-de-triathlon-aux-championnats-du-monde-2025\/","name":"Des athl\u00e8tes olympiques et paralympiques m\u00e8nent l'\u00e9quipe canadienne de triathlon aux Championnats du monde 2025 - Triathlon Canada","isPartOf":{"@id":"https:\/\/www.triathloncanada.com\/#website"},"primaryImageOfPage":{"@id":"https:\/\/www.triathloncanada.com\/fr\/des-athletes-olympiques-et-paralympiques-menent-lequipe-canadienne-de-triathlon-aux-championnats-du-monde-2025\/#primaryimage"},"image":{"@id":"https:\/\/www.triathloncanada.com\/fr\/des-athletes-olympiques-et-paralympiques-menent-lequipe-canadienne-de-triathlon-aux-championnats-du-monde-2025\/#primaryimage"},"thumbnailUrl":"https:\/\/www.triathloncanada.com\/wp-content\/uploads\/IMG_0441.png","datePublished":"2025-10-08T17:45:50+00:00","dateModified":"2025-10-08T18:11:58+00:00","author":{"@id":"https:\/\/www.triathloncanada.com\/#\/schema\/person\/a6e0e454c343c7846fa42331f5f18442"},"breadcrumb":{"@id":"https:\/\/www.triathloncanada.com\/fr\/des-athletes-olympiques-et-paralympiques-menent-lequipe-canadienne-de-triathlon-aux-championnats-du-monde-2025\/#breadcrumb"},"inLanguage":"fr-FR","potentialAction":[{"@type":"ReadAction","target":["https:\/\/www.triathloncanada.com\/fr\/des-athletes-olympiques-et-paralympiques-menent-lequipe-canadienne-de-triathlon-aux-championnats-du-monde-2025\/"]}]},{"@type":"ImageObject","inLanguage":"fr-FR","@id":"https:\/\/www.triathloncanada.com\/fr\/des-athletes-olympiques-et-paralympiques-menent-lequipe-canadienne-de-triathlon-aux-championnats-du-monde-2025\/#primaryimage","url":"https:\/\/www.triathloncanada.com\/wp-content\/uploads\/IMG_0441.png","contentUrl":"https:\/\/www.triathloncanada.com\/wp-content\/uploads\/IMG_0441.png","width":1024,"height":1280},{"@type":"BreadcrumbList","@id":"https:\/\/www.triathloncanada.com\/fr\/des-athletes-olympiques-et-paralympiques-menent-lequipe-canadienne-de-triathlon-aux-championnats-du-monde-2025\/#breadcrumb","itemListElement":[{"@type":"ListItem","position":1,"name":"Home","item":"https:\/\/www.triathloncanada.com\/fr\/"},{"@type":"ListItem","position":2,"name":"Des athl\u00e8tes olympiques et paralympiques m\u00e8nent l&#8217;\u00e9quipe canadienne de triathlon aux Championnats du monde 2025"}]},{"@type":"WebSite","@id":"https:\/\/www.triathloncanada.com\/#website","url":"https:\/\/www.triathloncanada.com\/","name":"Triathlon Canada","description":"","potentialAction":[{"@type":"SearchAction","target":{"@type":"EntryPoint","urlTemplate":"https:\/\/www.triathloncanada.com\/?s={search_term_string}"},"query-input":{"@type":"PropertyValueSpecification","valueRequired":true,"valueName":"search_term_string"}}],"inLanguage":"fr-FR"},{"@type":"Person","@id":"https:\/\/www.triathloncanada.com\/#\/schema\/person\/a6e0e454c343c7846fa42331f5f18442","name":"Chris Dornan","image":{"@type":"ImageObject","inLanguage":"fr-FR","@id":"https:\/\/secure.gravatar.com\/avatar\/32c479d938bec084cc8211fd83fd1031ca300c7bed9a40901ccef9ec74da54b5?s=96&d=mm&r=g","url":"https:\/\/secure.gravatar.com\/avatar\/32c479d938bec084cc8211fd83fd1031ca300c7bed9a40901ccef9ec74da54b5?s=96&d=mm&r=g","contentUrl":"https:\/\/secure.gravatar.com\/avatar\/32c479d938bec084cc8211fd83fd1031ca300c7bed9a40901ccef9ec74da54b5?s=96&d=mm&r=g","caption":"Chris Dornan"},"url":"https:\/\/www.triathloncanada.com\/fr\/author\/cdornan\/"}]}},"_links":{"self":[{"href":"https:\/\/www.triathloncanada.com\/fr\/wp-json\/wp\/v2\/posts\/37004","targetHints":{"allow":["GET"]}}],"collection":[{"href":"https:\/\/www.triathloncanada.com\/fr\/wp-json\/wp\/v2\/posts"}],"about":[{"href":"https:\/\/www.triathloncanada.com\/fr\/wp-json\/wp\/v2\/types\/post"}],"author":[{"embeddable":true,"href":"https:\/\/www.triathloncanada.com\/fr\/wp-json\/wp\/v2\/users\/130"}],"replies":[{"embeddable":true,"href":"https:\/\/www.triathloncanada.com\/fr\/wp-json\/wp\/v2\/comments?post=37004"}],"version-history":[{"count":0,"href":"https:\/\/www.triathloncanada.com\/fr\/wp-json\/wp\/v2\/posts\/37004\/revisions"}],"wp:featuredmedia":[{"embeddable":true,"href":"https:\/\/www.triathloncanada.com\/fr\/wp-json\/wp\/v2\/media\/37002"}],"wp:attachment":[{"href":"https:\/\/www.triathloncanada.com\/fr\/wp-json\/wp\/v2\/media?parent=37004"}],"wp:term":[{"taxonomy":"category","embeddable":true,"href":"https:\/\/www.triathloncanada.com\/fr\/wp-json\/wp\/v2\/categories?post=37004"},{"taxonomy":"post_tag","embeddable":true,"href":"https:\/\/www.triathloncanada.com\/fr\/wp-json\/wp\/v2\/tags?post=37004"}],"curies":[{"name":"wp","href":"https:\/\/api.w.org\/{rel}","templated":true}]}}